{"id":122,"date":"2015-12-16T17:34:26","date_gmt":"2015-12-16T17:34:26","guid":{"rendered":"http:\/\/psychoterapia-uk.pl\/?p=122"},"modified":"2016-05-04T22:28:10","modified_gmt":"2016-05-04T21:28:10","slug":"depresja-czy-tylko-u-doroslych","status":"publish","type":"post","link":"http:\/\/psychoterapia-uk.pl\/index.php\/2015\/12\/16\/depresja-czy-tylko-u-doroslych\/","title":{"rendered":"Depresja &#8211; czy tylko u doros\u0142ych?"},"content":{"rendered":"<a class=\"synved-social-button synved-social-button-share synved-social-size-24 synved-social-resolution-single synved-social-provider-facebook nolightbox\" data-provider=\"facebook\" target=\"_blank\" rel=\"nofollow\" title=\"Share on Facebook\" href=\"https:\/\/www.facebook.com\/sharer.php?u=http%3A%2F%2Fpsychoterapia-uk.pl&#038;t=Depresja%20%E2%80%93%20czy%20tylko%20u%20doros%C5%82ych%3F&#038;s=100&#038;p&#091;url&#093;=http%3A%2F%2Fpsychoterapia-uk.pl&#038;p&#091;images&#093;&#091;0&#093;=http%3A%2F%2Fpsychoterapia-uk.pl%2Fwp-content%2Fuploads%2F2015%2F12%2Fsad-214977_640.jpg&#038;p&#091;title&#093;=Depresja%20%E2%80%93%20czy%20tylko%20u%20doros%C5%82ych%3F\" style=\"font-size: 0px;width:24px;height:24px;margin:0;margin-bottom:5px\"><img loading=\"lazy\" decoding=\"async\" alt=\"Facebook\" title=\"Share on Facebook\" class=\"synved-share-image synved-social-image synved-social-image-share\" width=\"24\" height=\"24\" style=\"display: inline;width:24px;height:24px;margin: 0;padding: 0;border: none;box-shadow: none\" src=\"http:\/\/psychoterapia-uk.pl\/wp-content\/plugins\/social-media-feather\/synved-social\/image\/social\/regular\/48x48\/facebook.png\" \/><\/a><p>&nbsp;<\/p>\n<p><img loading=\"lazy\" decoding=\"async\" class=\"alignnone size-medium wp-image-121 alignleft\" src=\"http:\/\/psychoterapia-uk.pl\/wp-content\/uploads\/2015\/12\/sad-214977_640-300x198.jpg\" alt=\"sad-214977_640\" width=\"300\" height=\"198\" srcset=\"http:\/\/psychoterapia-uk.pl\/wp-content\/uploads\/2015\/12\/sad-214977_640-300x198.jpg 300w, http:\/\/psychoterapia-uk.pl\/wp-content\/uploads\/2015\/12\/sad-214977_640-350x231.jpg 350w, http:\/\/psychoterapia-uk.pl\/wp-content\/uploads\/2015\/12\/sad-214977_640.jpg 640w\" sizes=\"auto, (max-width: 300px) 100vw, 300px\" \/>Poj\u0119cie depresji jest znane niemal nam wszystkim, jest cz\u0119sto u\u017cywane w mediach i publicystyce, ale czy kojarzy nam si\u0119 prawid\u0142owo?<\/p>\n<p lang=\"pl-PL\">W przypadku choroby, nieszcz\u0119\u015bliwego wypadku czy splotu nieprzychylnych dla nas okoliczno\u015bci odczuwanie smutku i apatii stanowi naturaln\u0105 reakcj\u0119 organizmu. Niepok\u00f3j nasz powinien wzbudzi\u0107 fakt d\u0142ugotrwa\u0142ego utrzymywania si\u0119 tego stanu i jego nasilenie. Wtedy powinni\u015bmy uda\u0107 si\u0119 do psychologa.<\/p>\n<p><span lang=\"pl-PL\">Depresja to choroba charakteryzuj\u0105ca si\u0119 wyst\u0119powaniem niskiej samooceny i ma\u0142ej wiary w siebie, os\u0142abieniem koncentracji i uwagi, zmniejszonym apetytem, zaburzeniami snu, my\u015blami i czynami samob\u00f3jczymi, pesymizmem, poczuciem winy i ma\u0142ej warto\u015bci<\/span><sup><span lang=\"pl-PL\"><a class=\"sdfootnoteanc\" href=\"#sdfootnote1sym\" name=\"sdfootnote1anc\"><sup>1<\/sup><\/a><\/span><\/sup><span lang=\"pl-PL\">. Nie wszystkie objawy musz\u0105 wyst\u0119powa\u0107 jednocze\u015bnie, a w przypadku dzieci i m\u0142odzie\u017cy depresja mo\u017ce przyjmowa\u0107 zupe\u0142nie inna posta\u0107 i by\u0107 rzadko dostrzegaln\u0105 przez najbli\u017cszych.<\/span><\/p>\n<p lang=\"pl-PL\">U ma\u0142ych dzieci (3-4 lata) do niepokoj\u0105cych objaw\u00f3w zaliczy\u0107 nale\u017cy hiperaktywno\u015b\u0107 oraz agresj\u0119 fizyczn\u0105. Dziecko jest wycofane z relacji spo\u0142ecznych, reaguje negatywnie na roz\u0142\u0105k\u0119 z rodzicem. Wyst\u0119puje moczenie nocne, problemy ze snem i jedzeniem.<\/p>\n<p lang=\"pl-PL\">U starszych dzieci, do 8 lat g\u0142\u00f3wne miejsce zajmuj\u0105 dolegliwo\u015bci somatyczne. Mog\u0105 to by\u0107 r\u00f3\u017cnego rodzaju b\u00f3le bez przyczyny medycznej. Ponadto do objaw\u00f3w depresji w tym okresie rozwojowym nale\u017c\u0105: kradzie\u017ce, k\u0142amanie, agresja, niepowodzenia w nauce.<\/p>\n<p><span lang=\"pl-PL\">Dzieci i m\u0142odzie\u017c w wieku 9-12 lat cierpi\u0105ce na depresj\u0119 charakteryzuje niska samoocena, niezadowolenie z siebie, problemy w relacjach z r\u00f3wie\u015bnikami przybieraj\u0105ce nawet skrajn\u0105 posta\u0107 izolacji. Odczuwanie smutku, apatii i b\u00f3li psychogennych mo\u017ce by\u0107 po\u0142\u0105czone z przejawianiem zachowa\u0144 ryzykownych, zagra\u017caj\u0105cych w\u0142asnemu lub cudzemu zdrowiu b\u0105d\u017a \u017cyciu<\/span><span lang=\"pl-PL\">. <\/span><\/p>\n<p lang=\"pl-PL\">Objawy depresji u nastolatk\u00f3w zbli\u017cone s\u0105 do objaw\u00f3w depresji u doros\u0142ych.<\/p>\n<p lang=\"pl-PL\">Kryteria depresji m\u0142odzie\u0144czej na podstawie Marino:<\/p>\n<p lang=\"pl-PL\">1. Dolegliwo\u015bci fizyczne:<\/p>\n<ul>\n<li>\n<p lang=\"pl-PL\">nieustaj\u0105ce zm\u0119czenie<\/p>\n<\/li>\n<li>\n<p lang=\"pl-PL\">zmiany apetytu<\/p>\n<\/li>\n<li>\n<p lang=\"pl-PL\">problemy ze snem<\/p>\n<\/li>\n<li>\n<p lang=\"pl-PL\">cz\u0119ste b\u00f3le<\/p>\n<\/li>\n<li>\n<p lang=\"pl-PL\">niestrawno\u015b\u0107<\/p>\n<\/li>\n<\/ul>\n<p lang=\"pl-PL\">2. Zaburzenia my\u015blenia:<\/p>\n<ul>\n<li>\n<p lang=\"pl-PL\">k\u0142opoty z koncentracj\u0105 uwagi<\/p>\n<\/li>\n<li>\n<p lang=\"pl-PL\">k\u0142opoty z pami\u0119ci\u0105<\/p>\n<\/li>\n<li>\n<p lang=\"pl-PL\">trudno\u015bci decyzyjne<\/p>\n<\/li>\n<li>\n<p lang=\"pl-PL\">nadmierne skupienie na przesz\u0142o\u015bci<\/p>\n<\/li>\n<li>\n<p lang=\"pl-PL\">negatywne my\u015bli<\/p>\n<\/li>\n<\/ul>\n<p lang=\"pl-PL\">3. Objawy natury emocjonalnej:<\/p>\n<ul>\n<li>\n<p lang=\"pl-PL\">dra\u017cliwo\u015b\u0107<\/p>\n<\/li>\n<li>\n<p lang=\"pl-PL\">reakcje niewsp\u00f3\u0142mierne do bod\u017ac\u00f3w<\/p>\n<\/li>\n<li>\n<p lang=\"pl-PL\">nadmierna p\u0142aczliwo\u015b\u0107<\/p>\n<\/li>\n<li>\n<p lang=\"pl-PL\">wyrzuty sumienia i poczucie winy<\/p>\n<\/li>\n<\/ul>\n<p lang=\"pl-PL\">4. Przejawy duchowej pustki:<\/p>\n<ul>\n<li>\n<p lang=\"pl-PL\">niemo\u017cno\u015b\u0107 odczuwania przyjemno\u015bci i rado\u015bci<\/p>\n<\/li>\n<li>\n<p lang=\"pl-PL\">zoboj\u0119tnienie<\/p>\n<\/li>\n<li>\n<p lang=\"pl-PL\">poczucie beznadziejno\u015bci<\/p>\n<\/li>\n<li>\n<p lang=\"pl-PL\">cierpienie egzystencjalne<\/p>\n<\/li>\n<li>\n<p lang=\"pl-PL\">oddalenie si\u0119 od Boga \u2013 w przypadku os\u00f3b religijnych<\/p>\n<\/li>\n<li>\n<p lang=\"pl-PL\">rozmy\u015blania o \u015bmierci<\/p>\n<\/li>\n<li><span lang=\"pl-PL\">my\u015bli samob\u00f3jcze<\/span><sup><span lang=\"pl-PL\"><a class=\"sdfootnoteanc\" href=\"#sdfootnote3sym\" name=\"sdfootnote3anc\"><sup>3<\/sup><\/a><\/span><\/sup><\/li>\n<\/ul>\n<p lang=\"pl-PL\">Nastolatki ponadto nierzadko popadaj\u0105 w uzale\u017cnienia z powodu depresji, mog\u0105 przejawia\u0107 zachowania antyspo\u0142eczne (b\u00f3jki, kradzie\u017ce, w\u0142amania etc.)<\/p>\n<div id=\"sdfootnote1\">\n<p class=\"sdfootnote\"><a class=\"sdfootnotesym\" href=\"#sdfootnote1anc\" name=\"sdfootnote1sym\">1<\/a><span lang=\"pl-PL\">Mi\u0119dzynarodowa Statystyczna Klasyfikacja Chor\u00f3b i Problem\u00f3w Zdrowotnych, <\/span><span lang=\"pl-PL\"><i>Klasyfikacja zaburze\u0144 psychicznych i zaburze\u0144 zachowania w ICD-10<\/i><\/span><span lang=\"pl-PL\">, Krak\u00f3w-Warszawa 2000.<\/span><\/p>\n<\/div>\n<div id=\"sdfootnote3\">\n<p class=\"sdfootnote\"><a class=\"sdfootnotesym\" href=\"#sdfootnote3anc\" name=\"sdfootnote3sym\">2<\/a>A. Marino, <i>Widzia\u0142em ciemne s\u0142o\u0144ce<\/i>, Jacek Santorski, 1995.<\/p>\n<\/div>\n<a class=\"synved-social-button synved-social-button-share synved-social-size-24 synved-social-resolution-single synved-social-provider-facebook nolightbox\" data-provider=\"facebook\" target=\"_blank\" rel=\"nofollow\" title=\"Share on Facebook\" href=\"https:\/\/www.facebook.com\/sharer.php?u=http%3A%2F%2Fpsychoterapia-uk.pl&#038;t=Depresja%20%E2%80%93%20czy%20tylko%20u%20doros%C5%82ych%3F&#038;s=100&#038;p&#091;url&#093;=http%3A%2F%2Fpsychoterapia-uk.pl&#038;p&#091;images&#093;&#091;0&#093;=http%3A%2F%2Fpsychoterapia-uk.pl%2Fwp-content%2Fuploads%2F2015%2F12%2Fsad-214977_640.jpg&#038;p&#091;title&#093;=Depresja%20%E2%80%93%20czy%20tylko%20u%20doros%C5%82ych%3F\" style=\"font-size: 0px;width:24px;height:24px;margin:0;margin-bottom:5px\"><img loading=\"lazy\" decoding=\"async\" alt=\"Facebook\" title=\"Share on Facebook\" class=\"synved-share-image synved-social-image synved-social-image-share\" width=\"24\" height=\"24\" style=\"display: inline;width:24px;height:24px;margin: 0;padding: 0;border: none;box-shadow: none\" src=\"http:\/\/psychoterapia-uk.pl\/wp-content\/plugins\/social-media-feather\/synved-social\/image\/social\/regular\/48x48\/facebook.png\" \/><\/a>","protected":false},"excerpt":{"rendered":"<p>&nbsp; Poj\u0119cie depresji jest znane niemal nam wszystkim, jest cz\u0119sto u\u017cywane w mediach i publicystyce, ale czy kojarzy nam si\u0119 prawid\u0142owo? W przypadku choroby, nieszcz\u0119\u015bliwego wypadku czy splotu nieprzychylnych dla &hellip;<\/p>\n","protected":false},"author":2,"featured_media":121,"comment_status":"open","ping_status":"open","sticky":false,"template":"","format":"standard","meta":{"footnotes":""},"categories":[6,3],"tags":[],"class_list":["post-122","post","type-post","status-publish","format-standard","has-post-thumbnail","hentry","category-kiedy-cos-jest-nie-tak","category-rozwoj-osobisty"],"aioseo_notices":[],"_links":{"self":[{"href":"http:\/\/psychoterapia-uk.pl\/index.php\/wp-json\/wp\/v2\/posts\/122","targetHints":{"allow":["GET"]}}],"collection":[{"href":"http:\/\/psychoterapia-uk.pl\/index.php\/wp-json\/wp\/v2\/posts"}],"about":[{"href":"http:\/\/psychoterapia-uk.pl\/index.php\/wp-json\/wp\/v2\/types\/post"}],"author":[{"embeddable":true,"href":"http:\/\/psychoterapia-uk.pl\/index.php\/wp-json\/wp\/v2\/users\/2"}],"replies":[{"embeddable":true,"href":"http:\/\/psychoterapia-uk.pl\/index.php\/wp-json\/wp\/v2\/comments?post=122"}],"version-history":[{"count":3,"href":"http:\/\/psychoterapia-uk.pl\/index.php\/wp-json\/wp\/v2\/posts\/122\/revisions"}],"predecessor-version":[{"id":231,"href":"http:\/\/psychoterapia-uk.pl\/index.php\/wp-json\/wp\/v2\/posts\/122\/revisions\/231"}],"wp:featuredmedia":[{"embeddable":true,"href":"http:\/\/psychoterapia-uk.pl\/index.php\/wp-json\/wp\/v2\/media\/121"}],"wp:attachment":[{"href":"http:\/\/psychoterapia-uk.pl\/index.php\/wp-json\/wp\/v2\/media?parent=122"}],"wp:term":[{"taxonomy":"category","embeddable":true,"href":"http:\/\/psychoterapia-uk.pl\/index.php\/wp-json\/wp\/v2\/categories?post=122"},{"taxonomy":"post_tag","embeddable":true,"href":"http:\/\/psychoterapia-uk.pl\/index.php\/wp-json\/wp\/v2\/tags?post=122"}],"curies":[{"name":"wp","href":"https:\/\/api.w.org\/{rel}","templated":true}]}}